{"id":1294,"date":"2020-03-01T00:00:13","date_gmt":"2020-02-29T23:00:13","guid":{"rendered":"http:\/\/www.aleppofreunde.de\/?p=1294"},"modified":"2021-04-09T18:10:04","modified_gmt":"2021-04-09T16:10:04","slug":"jahresmitgliederversammlung-im-februar-2020","status":"publish","type":"post","link":"http:\/\/www.aleppofreunde.de\/?p=1294&lang=de","title":{"rendered":"Jahresmitgliederversammlung im Februar 2020"},"content":{"rendered":"<div class=\"flex_column av_one_full  flex_column_div av-zero-column-padding first  \" style='border-radius:0px; '><div style='padding-bottom:10px; ' class='av-special-heading av-special-heading-h3    '><h3 class='av-special-heading-tag '  itemprop=\"headline\"  >Jahresmitgliederversammlung im Februar 2020<\/h3><div class='special-heading-border'><div class='special-heading-inner-border' ><\/div><\/div><\/div><\/div>\n<div class=\"flex_column av_three_fifth  flex_column_div av-zero-column-padding first  \" style='border-radius:0px; '><section class=\"av_textblock_section \"  itemscope=\"itemscope\" itemtype=\"https:\/\/schema.org\/BlogPosting\" itemprop=\"blogPost\" ><div class='avia_textblock  '   itemprop=\"text\" ><p>Am 03. Februar 2020 fand die j\u00e4hrliche Mitgliederversammlung des Vereins im Lindenmuseum statt.<\/p>\n<p>Tagesordungspunkte beinhalteten unter anderem:<\/p>\n<p>T\u00e4tigkeitsbericht 2019, Vorstellung der Publikation und Gedenkschrift \u201c<a href=\"http:\/\/www.aleppofreunde.de\/wp-content\/uploads\/2020\/03\/web_Werbung_Adli-Gedenkschrift.pdf\" target=\"_blank\" rel=\"noopener\">Die Altstadt von Aleppo im Wandel<\/a>\u201d, sowie Aktivit\u00e4ten anl\u00e4sslich des 30-j\u00e4hrigen Jubil\u00e4ums f\u00fcr das Jahr 2020.<\/p>\n<p>&gt;&gt; <a href=\"http:\/\/www.aleppofreunde.de\/wp-content\/uploads\/2020\/03\/Protokoll-Mitglvers-Aleppo-Verein-2019.pdf\" target=\"_blank\" rel=\"noopener\">Protokoll 2019<\/a><br \/>\n&gt;&gt; Publikationsank\u00fcndigung \u201c<a href=\"http:\/\/www.aleppofreunde.de\/wp-content\/uploads\/2020\/03\/web_Werbung_Adli-Gedenkschrift.pdf\" target=\"_blank\" rel=\"noopener\">Die Altstadt von Aleppo im Wandel<\/a>\u201d<\/p>\n<\/div><\/section><\/div>\n<div class=\"flex_column av_two_fifth  flex_column_div av-zero-column-padding   \" style='border-radius:0px; '><\/div>\n","protected":false},"excerpt":{"rendered":"","protected":false},"author":2,"featured_media":1297,"comment_status":"closed","ping_status":"open","sticky":false,"template":"","format":"standard","meta":{"footnotes":""},"categories":[1],"tags":[],"class_list":["post-1294","post","type-post","status-publish","format-standard","has-post-thumbnail","hentry","category-allgemein"],"_links":{"self":[{"href":"http:\/\/www.aleppofreunde.de\/index.php?rest_route=\/wp\/v2\/posts\/1294","targetHints":{"allow":["GET"]}}],"collection":[{"href":"http:\/\/www.aleppofreunde.de\/index.php?rest_route=\/wp\/v2\/posts"}],"about":[{"href":"http:\/\/www.aleppofreunde.de\/index.php?rest_route=\/wp\/v2\/types\/post"}],"author":[{"embeddable":true,"href":"http:\/\/www.aleppofreunde.de\/index.php?rest_route=\/wp\/v2\/users\/2"}],"replies":[{"embeddable":true,"href":"http:\/\/www.aleppofreunde.de\/index.php?rest_route=%2Fwp%2Fv2%2Fcomments&post=1294"}],"version-history":[{"count":3,"href":"http:\/\/www.aleppofreunde.de\/index.php?rest_route=\/wp\/v2\/posts\/1294\/revisions"}],"predecessor-version":[{"id":1502,"href":"http:\/\/www.aleppofreunde.de\/index.php?rest_route=\/wp\/v2\/posts\/1294\/revisions\/1502"}],"wp:featuredmedia":[{"embeddable":true,"href":"http:\/\/www.aleppofreunde.de\/index.php?rest_route=\/wp\/v2\/media\/1297"}],"wp:attachment":[{"href":"http:\/\/www.aleppofreunde.de\/index.php?rest_route=%2Fwp%2Fv2%2Fmedia&parent=1294"}],"wp:term":[{"taxonomy":"category","embeddable":true,"href":"http:\/\/www.aleppofreunde.de\/index.php?rest_route=%2Fwp%2Fv2%2Fcategories&post=1294"},{"taxonomy":"post_tag","embeddable":true,"href":"http:\/\/www.aleppofreunde.de\/index.php?rest_route=%2Fwp%2Fv2%2Ftags&post=1294"}],"curies":[{"name":"wp","href":"https:\/\/api.w.org\/{rel}","templated":true}]}}