{"id":720,"date":"2018-10-28T13:01:32","date_gmt":"2018-10-28T12:01:32","guid":{"rendered":"http:\/\/www.aleppofreunde.de\/?p=720"},"modified":"2021-03-12T16:42:08","modified_gmt":"2021-03-12T15:42:08","slug":"aleppofreunde-in-den-soziale-medien","status":"publish","type":"post","link":"http:\/\/www.aleppofreunde.de\/?p=720&lang=de","title":{"rendered":"Aleppofreunde in den Sozialen Medien"},"content":{"rendered":"<div class=\"flex_column av_one_full  flex_column_div av-zero-column-padding first  \" style='border-radius:0px; '><div style='padding-bottom:10px; ' class='av-special-heading av-special-heading-h3    '><h3 class='av-special-heading-tag '  itemprop=\"headline\"  >Aleppofreunde in den Sozialen Medien<\/h3><div class='special-heading-border'><div class='special-heading-inner-border' ><\/div><\/div><\/div><\/div>\n<div class=\"flex_column av_three_fifth  flex_column_div av-zero-column-padding first  \" style='border-radius:0px; '><section class=\"av_textblock_section \"  itemscope=\"itemscope\" itemtype=\"https:\/\/schema.org\/BlogPosting\" itemprop=\"blogPost\" ><div class='avia_textblock  '   itemprop=\"text\" ><p>Unser Verein hat auch eine <a href=\"https:\/\/www.facebook.com\/FreundederAltstadtvonAleppo\/\" target=\"_blank\" rel=\"noopener\">Facebookseite<\/a>*, auf welcher wir unsere Neuigkeiten sowie Informatives, Zeitungsartikel zu dem Diskurs und verschiedenen Initativen f\u00fcr und in Aleppo teilen. Uns ist es dabei wichtig, eine neutrale Haltung zu behalten. Wir freuen uns stets \u00fcber Vorschl\u00e4ge zu Beitr\u00e4gen und Aktivit\u00e4ten Ihrerseits f\u00fcr und in Aleppo.<\/p>\n<p>*Sie k\u00f6nnen die Inhalte unserer Gruppe auf Facebook auch ohne Nutzerprofil sehen. Wenn Sie in der Gruppe aktiv sein m\u00f6chten, ben\u00f6tigen Sie ein Nutzerprofil.<\/p>\n<\/div><\/section><\/div><div class=\"flex_column av_two_fifth  flex_column_div av-zero-column-padding   \" style='border-radius:0px; '><div class='avia-image-container  av-styling-    avia-align-center '  itemprop=\"ImageObject\" itemscope=\"itemscope\" itemtype=\"https:\/\/schema.org\/ImageObject\"  ><div class='avia-image-container-inner'><div class='avia-image-overlay-wrap'><a href='https:\/\/www.facebook.com\/FreundederAltstadtvonAleppo\/' class='avia_image'  ><img class='avia_image ' src='http:\/\/www.aleppofreunde.de\/wp-content\/uploads\/2018\/10\/Bildschirmfoto-2018-10-28-um-12.59.18-300x275.png' alt='' title='Bildschirmfoto 2018-10-28 um 12.59.18'  itemprop=\"thumbnailUrl\"  \/><\/a><\/div><\/div><\/div><\/div><\/p>\n","protected":false},"excerpt":{"rendered":"","protected":false},"author":2,"featured_media":721,"comment_status":"closed","ping_status":"open","sticky":false,"template":"","format":"standard","meta":{"footnotes":""},"categories":[1],"tags":[],"class_list":["post-720","post","type-post","status-publish","format-standard","has-post-thumbnail","hentry","category-allgemein"],"_links":{"self":[{"href":"http:\/\/www.aleppofreunde.de\/index.php?rest_route=\/wp\/v2\/posts\/720","targetHints":{"allow":["GET"]}}],"collection":[{"href":"http:\/\/www.aleppofreunde.de\/index.php?rest_route=\/wp\/v2\/posts"}],"about":[{"href":"http:\/\/www.aleppofreunde.de\/index.php?rest_route=\/wp\/v2\/types\/post"}],"author":[{"embeddable":true,"href":"http:\/\/www.aleppofreunde.de\/index.php?rest_route=\/wp\/v2\/users\/2"}],"replies":[{"embeddable":true,"href":"http:\/\/www.aleppofreunde.de\/index.php?rest_route=%2Fwp%2Fv2%2Fcomments&post=720"}],"version-history":[{"count":8,"href":"http:\/\/www.aleppofreunde.de\/index.php?rest_route=\/wp\/v2\/posts\/720\/revisions"}],"predecessor-version":[{"id":1418,"href":"http:\/\/www.aleppofreunde.de\/index.php?rest_route=\/wp\/v2\/posts\/720\/revisions\/1418"}],"wp:featuredmedia":[{"embeddable":true,"href":"http:\/\/www.aleppofreunde.de\/index.php?rest_route=\/wp\/v2\/media\/721"}],"wp:attachment":[{"href":"http:\/\/www.aleppofreunde.de\/index.php?rest_route=%2Fwp%2Fv2%2Fmedia&parent=720"}],"wp:term":[{"taxonomy":"category","embeddable":true,"href":"http:\/\/www.aleppofreunde.de\/index.php?rest_route=%2Fwp%2Fv2%2Fcategories&post=720"},{"taxonomy":"post_tag","embeddable":true,"href":"http:\/\/www.aleppofreunde.de\/index.php?rest_route=%2Fwp%2Fv2%2Ftags&post=720"}],"curies":[{"name":"wp","href":"https:\/\/api.w.org\/{rel}","templated":true}]}}